{"provider_url": "https://www.senhoradosremedios.mg.leg.br", "title": "Estrutura", "html": "<p>A c\u00e2mara disp\u00f5e do seguinte quadro de pessoal:</p>\r\n<table>\r\n<tbody>\r\n<tr>\r\n<td colspan=\"7\">\r\n<p align=\"center\"><b>Rela\u00e7\u00e3o Nominal dos Servidores/Autoridades/Membros</b></p>\r\n</td>\r\n</tr>\r\n<tr>\r\n<td>\r\n<p align=\"center\"><b>Nome Completo</b></p>\r\n</td>\r\n<td>\r\n<p align=\"center\"><b>Cargo</b></p>\r\n</td>\r\n<td>\r\n<p align=\"center\"><b>Fun\u00e7\u00e3o</b></p>\r\n</td>\r\n<td>\r\n<p align=\"center\"><b>Lota\u00e7\u00e3o</b></p>\r\n</td>\r\n<td>\r\n<p align=\"center\"><b>Data de Admiss\u00e3o</b></p>\r\n</td>\r\n<td>\r\n<p align=\"center\"><b>Carga Hor\u00e1ria</b></p>\r\n</td>\r\n<td>\r\n<p align=\"center\"><b>V\u00ednculo</b></p>\r\n</td>\r\n</tr>\r\n<tr>\r\n<td>\r\n<p>EFETIVOS:</p>\r\n</td>\r\n<td>\r\n<p>\u00a0</p>\r\n</td>\r\n<td>\r\n<p>\u00a0</p>\r\n</td>\r\n<td>\r\n<p>\u00a0</p>\r\n</td>\r\n<td>\r\n<p>\u00a0</p>\r\n</td>\r\n<td>\r\n<p>\u00a0</p>\r\n</td>\r\n<td>\r\n<p>\u00a0</p>\r\n</td>\r\n</tr>\r\n<tr>\r\n<td>\r\n<p>Ana Cl\u00e1udia de Oliveira Gon\u00e7alves</p>\r\n</td>\r\n<td>\r\n<p>Procuradora</p>\r\n</td>\r\n<td>\r\n<p>Pregoeira e Agente de Contrata\u00e7\u00f5es</p>\r\n</td>\r\n<td>\r\n<p>C\u00e2mara Municipal</p>\r\n</td>\r\n<td>\r\n<p>05/09/2014</p>\r\n</td>\r\n<td>\r\n<p>20 horas</p>\r\n</td>\r\n<td>\r\n<p>Concurso n. 001/2014</p>\r\n</td>\r\n</tr>\r\n<tr>\r\n<td>\r\n<p>Cristiane Vidigal Costa</p>\r\n</td>\r\n<td>\r\n<p>Contadora</p>\r\n</td>\r\n<td>\r\n<p>Tesoureira</p>\r\n</td>\r\n<td>\r\n<p>C\u00e2mara Municipal</p>\r\n</td>\r\n<td>\r\n<p>03/11/2024</p>\r\n</td>\r\n<td>\r\n<p>35 horas</p>\r\n</td>\r\n<td>\r\n<p>Concurso n. 001/2014</p>\r\n</td>\r\n</tr>\r\n<tr>\r\n<td>\r\n<p>Mar\u00edlia das Gra\u00e7as Ara\u00fajo</p>\r\n</td>\r\n<td>\r\n<p>Auxiliar Parlamentar</p>\r\n</td>\r\n<td>\r\n<p>- Setor de compras e Controle interno</p>\r\n</td>\r\n<td>\r\n<p>C\u00e2mara Municipal</p>\r\n</td>\r\n<td>\r\n<p>03/11/2014</p>\r\n</td>\r\n<td>\r\n<p>35 horas</p>\r\n</td>\r\n<td>\r\n<p>Concurso n. 001/2014</p>\r\n</td>\r\n</tr>\r\n<tr>\r\n<td>\r\n<p>Nat\u00e1lia Rodrigues Damasceno</p>\r\n</td>\r\n<td>\r\n<p>Auxiliar Parlamentar \u2013 Contrato</p>\r\n</td>\r\n<td>\r\n<p>-</p>\r\n</td>\r\n<td>\r\n<p>C\u00e2mara Municipal</p>\r\n</td>\r\n<td>\r\n<p>10/12/2024</p>\r\n</td>\r\n<td>\r\n<p>35 horas</p>\r\n</td>\r\n<td>\r\n<p>Processo Seletivo Simplificado n. 001/2023</p>\r\n</td>\r\n</tr>\r\n<tr>\r\n<td>\r\n<p>Terezinha Aparecida Silva</p>\r\n</td>\r\n<td>\r\n<p>Auxiliar Administrativo</p>\r\n</td>\r\n<td>\r\n<p>\u00a0</p>\r\n</td>\r\n<td>\r\n<p>C\u00e2mara Municipal</p>\r\n</td>\r\n<td>\r\n<p>05/09/2014</p>\r\n</td>\r\n<td>\r\n<p>35 horas</p>\r\n</td>\r\n<td>\r\n<p>Concurso n. 001/2014</p>\r\n</td>\r\n</tr>\r\n<tr>\r\n<td>\r\n<p>Adalberto Jos\u00e9 da Silva</p>\r\n</td>\r\n<td>\r\n<p>Auxiliar de Servi\u00e7os Gerais</p>\r\n</td>\r\n<td>\r\n<p>Vac\u00e2ncia - Portaria 013/2026</p>\r\n</td>\r\n<td>\r\n<p>C\u00e2mara Municipal</p>\r\n</td>\r\n<td>\r\n<p>05/09/2014</p>\r\n</td>\r\n<td>\r\n<p>35 horas</p>\r\n</td>\r\n<td>\r\n<p>Concurso n. 001/2014</p>\r\n</td>\r\n</tr>\r\n<tr>\r\n<td>\r\n<p>COMISSIONADOS:</p>\r\n</td>\r\n<td>\r\n<p>\u00a0</p>\r\n</td>\r\n<td>\r\n<p>\u00a0</p>\r\n</td>\r\n<td>\r\n<p>\u00a0</p>\r\n</td>\r\n<td>\r\n<p>\u00a0</p>\r\n</td>\r\n<td>\r\n<p>\u00a0</p>\r\n</td>\r\n<td>\r\n<p>\u00a0</p>\r\n</td>\r\n</tr>\r\n<tr>\r\n<td>\r\n<p>Aline de F\u00e1tima Pamplona Silva</p>\r\n</td>\r\n<td>\r\n<p>Assessor</p>\r\n</td>\r\n<td>\r\n<p>-</p>\r\n</td>\r\n<td>\r\n<p>CAC</p>\r\n</td>\r\n<td>\r\n<p>14/01/2025</p>\r\n</td>\r\n<td>\r\n<p>30 horas</p>\r\n</td>\r\n<td>\r\n<p>Portaria de Nomea\u00e7\u00e3o n.016/2025</p>\r\n</td>\r\n</tr>\r\n<tr>\r\n<td>\r\n<p>Kamilly Cristhiane de Oliveira Pamplona Melga\u00e7o</p>\r\n</td>\r\n<td>\r\n<p>Assessor</p>\r\n</td>\r\n<td>\r\n<p>-</p>\r\n</td>\r\n<td>\r\n<p>CAC</p>\r\n</td>\r\n<td>\r\n<p>06/01/2025</p>\r\n</td>\r\n<td>\r\n<p>30 horas</p>\r\n</td>\r\n<td>\r\n<p>Portaria de Nomea\u00e7\u00e3o n.011/2025</p>\r\n</td>\r\n</tr>\r\n<tr>\r\n<td>\r\n<p>Nathiene Carolina de Souza</p>\r\n</td>\r\n<td>\r\n<p>Assessor</p>\r\n</td>\r\n<td>\r\n<p>-</p>\r\n</td>\r\n<td>\r\n<p>CAC</p>\r\n</td>\r\n<td>\r\n<p>03/02/2026</p>\r\n</td>\r\n<td>\r\n<p>30 horas</p>\r\n</td>\r\n<td>\r\n<p>Portaria de Nomea\u00e7\u00e3o n.011/2026</p>\r\n</td>\r\n</tr>\r\n<tr>\r\n<td>\r\n<p>William de Souza Coelho</p>\r\n</td>\r\n<td>\r\n<p>Assessor</p>\r\n</td>\r\n<td>\r\n<p>-</p>\r\n</td>\r\n<td>\r\n<p>CAC</p>\r\n</td>\r\n<td>\r\n<p>06/01/2025</p>\r\n</td>\r\n<td>\r\n<p>30 horas</p>\r\n</td>\r\n<td>\r\n<p>Portaria de Nomea\u00e7\u00e3o n.012/2025</p>\r\n</td>\r\n</tr>\r\n<tr>\r\n<td>\r\n<p>Elias Pimentel Mateus</p>\r\n</td>\r\n<td>\r\n<p>Coordenador</p>\r\n</td>\r\n<td>\r\n<p>-</p>\r\n</td>\r\n<td>\r\n<p>CAC</p>\r\n</td>\r\n<td>\r\n<p>06/01/2025</p>\r\n</td>\r\n<td>\r\n<p>40 horas</p>\r\n</td>\r\n<td>\r\n<p>Portaria de Nomea\u00e7\u00e3o n.010/2025</p>\r\n</td>\r\n</tr>\r\n<tr>\r\n<td>\r\n<p>Valter Romano da Silva</p>\r\n</td>\r\n<td>\r\n<p>Assessor de Gabinete</p>\r\n</td>\r\n<td>\r\n<p>-</p>\r\n</td>\r\n<td>\r\n<p>C\u00e2mara Municipal</p>\r\n</td>\r\n<td>\r\n<p>10/01/2025</p>\r\n</td>\r\n<td>\r\n<p>Disponibilidade Integral</p>\r\n</td>\r\n<td>\r\n<p>Portaria de Nomea\u00e7\u00e3o n.015/2025</p>\r\n</td>\r\n</tr>\r\n<tr>\r\n<td>\r\n<p>VEREADORES:</p>\r\n</td>\r\n<td>\r\n<p>\u00a0</p>\r\n</td>\r\n<td>\r\n<p>\u00a0</p>\r\n</td>\r\n<td>\r\n<p>\u00a0</p>\r\n</td>\r\n<td>\r\n<p>\u00a0</p>\r\n</td>\r\n<td>\r\n<p>\u00a0</p>\r\n</td>\r\n<td>\r\n<p>\u00a0</p>\r\n</td>\r\n</tr>\r\n<tr>\r\n<td>\r\n<p>Marcos Roberto Milagres de Assis (MDB)</p>\r\n</td>\r\n<td>\r\n<p>Vereador</p>\r\n</td>\r\n<td>\r\n<p>Presidente</p>\r\n</td>\r\n<td>\r\n<p>C\u00e2mara Municipal</p>\r\n</td>\r\n<td>\r\n<p>01/01/2025</p>\r\n</td>\r\n<td>\r\n<p>Disponibilidade Integral</p>\r\n</td>\r\n<td>\r\n<p>Cargo eletivo</p>\r\n</td>\r\n</tr>\r\n<tr>\r\n<td>\r\n<p>Osmana Rodrigues de Souza Pereira (MDB)</p>\r\n</td>\r\n<td>\r\n<p>Vereador</p>\r\n</td>\r\n<td>\r\n<p>Vice Presidente</p>\r\n</td>\r\n<td>\r\n<p>C\u00e2mara Municipal</p>\r\n</td>\r\n<td>\r\n<p>01/01/2025</p>\r\n</td>\r\n<td>\r\n<p>Disponibilidade Integral</p>\r\n</td>\r\n<td>\r\n<p>Cargo eletivo</p>\r\n</td>\r\n</tr>\r\n<tr>\r\n<td>\r\n<p>Adenilson Francisco Mateus (PT)</p>\r\n</td>\r\n<td>\r\n<p>Vereador</p>\r\n</td>\r\n<td>\r\n<p>2\u00ba Vice Presidente</p>\r\n</td>\r\n<td>\r\n<p>C\u00e2mara Municipal</p>\r\n</td>\r\n<td>\r\n<p>01/01/2025</p>\r\n</td>\r\n<td>\r\n<p>Disponibilidade Integral</p>\r\n</td>\r\n<td>\r\n<p>Cargo eletivo</p>\r\n</td>\r\n</tr>\r\n<tr>\r\n<td>\r\n<p>Mauro do Carmo Pamplona (PT)</p>\r\n</td>\r\n<td>\r\n<p>Vereador</p>\r\n</td>\r\n<td>\r\n<p>Secret\u00e1rio</p>\r\n</td>\r\n<td>\r\n<p>C\u00e2mara Municipal</p>\r\n</td>\r\n<td>\r\n<p>01/01/2025</p>\r\n</td>\r\n<td>\r\n<p>Disponibilidade Integral</p>\r\n</td>\r\n<td>\r\n<p>Cargo eletivo</p>\r\n</td>\r\n</tr>\r\n<tr>\r\n<td>\r\n<p>Roberto de Alencar Moreira (MDB)</p>\r\n</td>\r\n<td>\r\n<p>Vereador</p>\r\n</td>\r\n<td>\r\n<p>2\u00ba Secret\u00e1rio</p>\r\n</td>\r\n<td>\r\n<p>C\u00e2mara Municipal</p>\r\n</td>\r\n<td>\r\n<p>01/01/2025</p>\r\n</td>\r\n<td>\r\n<p>Disponibilidade Integral</p>\r\n</td>\r\n<td>\r\n<p>Cargo eletivo</p>\r\n</td>\r\n</tr>\r\n<tr>\r\n<td>\r\n<p>Alberto Magno de Ara\u00fajo (PL)</p>\r\n</td>\r\n<td>\r\n<p>Vereador</p>\r\n</td>\r\n<td>\r\n<p>-</p>\r\n</td>\r\n<td>\r\n<p>C\u00e2mara Municipal</p>\r\n</td>\r\n<td>\r\n<p>01/01/2025</p>\r\n</td>\r\n<td>\r\n<p>Disponibilidade Integral</p>\r\n</td>\r\n<td>\r\n<p>Cargo eletivo</p>\r\n</td>\r\n</tr>\r\n<tr>\r\n<td>\r\n<p>Lucas Armond de Ara\u00fajo Ferreira (PL)</p>\r\n</td>\r\n<td>\r\n<p>Vereador</p>\r\n</td>\r\n<td>\r\n<p>-</p>\r\n</td>\r\n<td>\r\n<p>C\u00e2mara Municipal</p>\r\n</td>\r\n<td>\r\n<p>01/01/2025</p>\r\n</td>\r\n<td>\r\n<p>Disponibilidade Integral</p>\r\n</td>\r\n<td>\r\n<p>Cargo eletivo</p>\r\n</td>\r\n</tr>\r\n<tr>\r\n<td>\r\n<p>Alessandro Rodrigo Portes (SOLIDARIEDADE)</p>\r\n</td>\r\n<td>\r\n<p>Vereador</p>\r\n</td>\r\n<td>\r\n<p>-</p>\r\n</td>\r\n<td>\r\n<p>C\u00e2mara Municipal</p>\r\n</td>\r\n<td>\r\n<p>01/01/2025</p>\r\n</td>\r\n<td>\r\n<p>Disponibilidade Integral</p>\r\n</td>\r\n<td>\r\n<p>Cargo eletivo</p>\r\n</td>\r\n</tr>\r\n<tr>\r\n<td>\r\n<p>Renato Jovelino de Oliveira (PSDB)</p>\r\n</td>\r\n<td>\r\n<p>Vereador</p>\r\n</td>\r\n<td>\r\n<p>-</p>\r\n</td>\r\n<td>\r\n<p>C\u00e2mara Municipal</p>\r\n</td>\r\n<td>\r\n<p>01/01/2025</p>\r\n</td>\r\n<td>\r\n<p>Disponibilidade Integral</p>\r\n</td>\r\n<td>\r\n<p>Cargo eletivo</p>\r\n</td>\r\n</tr>\r\n</tbody>\r\n</table>\r\n<p style=\"text-align: center; \"><strong><br /></strong></p>\r\n<p style=\"text-align: center; \"><strong>Mesa Diretora 2025-2026:</strong></p>\r\n<p style=\"text-align: center; \">Marcos Roberto Milagres de Assis - Presidente\u00a0</p>\r\n<p style=\"text-align: center; \">Osmana Rodrigues de Souza Pereira - Vice Presidente\u00a0</p>\r\n<p style=\"text-align: center; \">Mauro do Carmo Pamplona - Secret\u00e1rio\u00a0</p>\r\n<p style=\"text-align: center; \">\u00a0</p>\r\n<p><strong>Atual respons\u00e1vel pela gest\u00e3o do \u00d3rg\u00e3o pelo bi\u00eanio 2025-2026:\u00a0</strong>Marcos Roberto Milagres de Assis - Presidente\u00a0</p>", "author_name": "Interlegis", "version": "1.0", "author_url": "https://www.senhoradosremedios.mg.leg.br/author/Interlegis", "provider_name": "C\u00e2mara Municipal de Senhora dos Rem\u00e9dios", "type": "rich"}